{"id":17,"count":1,"description":"","link":"https:\/\/fotozdroje.szczecin.pl\/blog\/tag\/zmiana-stopnia-wojskowego\/","name":"zmiana stopnia wojskowego","slug":"zmiana-stopnia-wojskowego","taxonomy":"post_tag","meta":[],"yoast_head":"<!-- This site is optimized with the Yoast SEO plugin v27.5 - https:\/\/yoast.com\/product\/yoast-seo-wordpress\/ -->\n<title>zmiana stopnia wojskowego - Fotograf \u015alubny Artur Juszczy\u0144ski - Szczecin<\/title>\n<meta name=\"robots\" content=\"index, follow, max-snippet:-1, max-image-preview:large, max-video-preview:-1\" \/>\n<link rel=\"canonical\" href=\"https:\/\/fotozdroje.szczecin.pl\/blog\/tag\/zmiana-stopnia-wojskowego\/\" \/>\n<meta property=\"og:locale\" content=\"pl_PL\" \/>\n<meta property=\"og:type\" content=\"article\" \/>\n<meta property=\"og:title\" content=\"zmiana stopnia wojskowego - Fotograf \u015alubny Artur Juszczy\u0144ski - Szczecin\" \/>\n<meta property=\"og:url\" content=\"https:\/\/fotozdroje.szczecin.pl\/blog\/tag\/zmiana-stopnia-wojskowego\/\" \/>\n<meta property=\"og:site_name\" content=\"Fotograf \u015alubny Artur Juszczy\u0144ski - Szczecin\" \/>\n<meta property=\"og:image\" content=\"https:\/\/fotozdroje.szczecin.pl\/blog\/wp-content\/uploads\/2024\/08\/Maria-i-Pawel-13.08.2022-166.jpg\" \/>\n\t<meta property=\"og:image:width\" content=\"2070\" \/>\n\t<meta property=\"og:image:height\" content=\"1380\" \/>\n\t<meta property=\"og:image:type\" content=\"image\/jpeg\" \/>\n<meta name=\"twitter:card\" content=\"summary_large_image\" \/>\n<script type=\"application\/ld+json\" class=\"yoast-schema-graph\">{\"@context\":\"https:\\\/\\\/schema.org\",\"@graph\":[{\"@type\":\"CollectionPage\",\"@id\":\"https:\\\/\\\/fotozdroje.szczecin.pl\\\/blog\\\/tag\\\/zmiana-stopnia-wojskowego\\\/\",\"url\":\"https:\\\/\\\/fotozdroje.szczecin.pl\\\/blog\\\/tag\\\/zmiana-stopnia-wojskowego\\\/\",\"name\":\"zmiana stopnia wojskowego - Fotograf \u015alubny Artur Juszczy\u0144ski - Szczecin\",\"isPartOf\":{\"@id\":\"https:\\\/\\\/fotozdroje.szczecin.pl\\\/blog\\\/#website\"},\"breadcrumb\":{\"@id\":\"https:\\\/\\\/fotozdroje.szczecin.pl\\\/blog\\\/tag\\\/zmiana-stopnia-wojskowego\\\/#breadcrumb\"},\"inLanguage\":\"pl-PL\"},{\"@type\":\"BreadcrumbList\",\"@id\":\"https:\\\/\\\/fotozdroje.szczecin.pl\\\/blog\\\/tag\\\/zmiana-stopnia-wojskowego\\\/#breadcrumb\",\"itemListElement\":[{\"@type\":\"ListItem\",\"position\":1,\"name\":\"Strona g\u0142\u00f3wna\",\"item\":\"https:\\\/\\\/fotozdroje.szczecin.pl\\\/blog\\\/\"},{\"@type\":\"ListItem\",\"position\":2,\"name\":\"zmiana stopnia wojskowego\"}]},{\"@type\":\"WebSite\",\"@id\":\"https:\\\/\\\/fotozdroje.szczecin.pl\\\/blog\\\/#website\",\"url\":\"https:\\\/\\\/fotozdroje.szczecin.pl\\\/blog\\\/\",\"name\":\"Fotograf \u015alubny Szczecin Artur Juszczy\u0144ski\",\"description\":\"Fotograf \u015blubny z rejonu zachodniopomorskiego. Od 10 lat zajmuje si\u0119 fotografi\u0105. Zapraszam!\",\"publisher\":{\"@id\":\"https:\\\/\\\/fotozdroje.szczecin.pl\\\/blog\\\/#\\\/schema\\\/person\\\/c7582c3a0c093f2cf461b0097d013e0e\"},\"alternateName\":\"Fotograf na \u015alub Artur Juszczy\u0144ski\",\"potentialAction\":[{\"@type\":\"SearchAction\",\"target\":{\"@type\":\"EntryPoint\",\"urlTemplate\":\"https:\\\/\\\/fotozdroje.szczecin.pl\\\/blog\\\/?s={search_term_string}\"},\"query-input\":{\"@type\":\"PropertyValueSpecification\",\"valueRequired\":true,\"valueName\":\"search_term_string\"}}],\"inLanguage\":\"pl-PL\"},{\"@type\":[\"Person\",\"Organization\"],\"@id\":\"https:\\\/\\\/fotozdroje.szczecin.pl\\\/blog\\\/#\\\/schema\\\/person\\\/c7582c3a0c093f2cf461b0097d013e0e\",\"name\":\"Artur Juszczy\u0144ski\",\"image\":{\"@type\":\"ImageObject\",\"inLanguage\":\"pl-PL\",\"@id\":\"https:\\\/\\\/fotozdroje.szczecin.pl\\\/blog\\\/wp-content\\\/uploads\\\/2026\\\/01\\\/cropped-cropped-Artur-Juszczynski-logo-kopia-przezroczyste-tlo-scaled-1.png\",\"url\":\"https:\\\/\\\/fotozdroje.szczecin.pl\\\/blog\\\/wp-content\\\/uploads\\\/2026\\\/01\\\/cropped-cropped-Artur-Juszczynski-logo-kopia-przezroczyste-tlo-scaled-1.png\",\"contentUrl\":\"https:\\\/\\\/fotozdroje.szczecin.pl\\\/blog\\\/wp-content\\\/uploads\\\/2026\\\/01\\\/cropped-cropped-Artur-Juszczynski-logo-kopia-przezroczyste-tlo-scaled-1.png\",\"width\":2505,\"height\":641,\"caption\":\"Artur Juszczy\u0144ski\"},\"logo\":{\"@id\":\"https:\\\/\\\/fotozdroje.szczecin.pl\\\/blog\\\/wp-content\\\/uploads\\\/2026\\\/01\\\/cropped-cropped-Artur-Juszczynski-logo-kopia-przezroczyste-tlo-scaled-1.png\"},\"description\":\"Fotograf z zami\u0142owania, ponad 10 lat do\u015bwiadczenia. Zapraszam do kontaktu! +48 791 603 178\",\"sameAs\":[\"http:\\\/\\\/www.fotozdroje.szczecin.pl\",\"https:\\\/\\\/www.facebook.com\\\/fotozdroje\",\"www.instagram.com\\\/artur.juszczynski\"]}]}<\/script>\n<!-- \/ Yoast SEO plugin. -->","yoast_head_json":{"title":"zmiana stopnia wojskowego - Fotograf \u015alubny Artur Juszczy\u0144ski - Szczecin","robots":{"index":"index","follow":"follow","max-snippet":"max-snippet:-1","max-image-preview":"max-image-preview:large","max-video-preview":"max-video-preview:-1"},"canonical":"https:\/\/fotozdroje.szczecin.pl\/blog\/tag\/zmiana-stopnia-wojskowego\/","og_locale":"pl_PL","og_type":"article","og_title":"zmiana stopnia wojskowego - Fotograf \u015alubny Artur Juszczy\u0144ski - Szczecin","og_url":"https:\/\/fotozdroje.szczecin.pl\/blog\/tag\/zmiana-stopnia-wojskowego\/","og_site_name":"Fotograf \u015alubny Artur Juszczy\u0144ski - Szczecin","og_image":[{"width":2070,"height":1380,"url":"https:\/\/fotozdroje.szczecin.pl\/blog\/wp-content\/uploads\/2024\/08\/Maria-i-Pawel-13.08.2022-166.jpg","type":"image\/jpeg"}],"twitter_card":"summary_large_image","schema":{"@context":"https:\/\/schema.org","@graph":[{"@type":"CollectionPage","@id":"https:\/\/fotozdroje.szczecin.pl\/blog\/tag\/zmiana-stopnia-wojskowego\/","url":"https:\/\/fotozdroje.szczecin.pl\/blog\/tag\/zmiana-stopnia-wojskowego\/","name":"zmiana stopnia wojskowego - Fotograf \u015alubny Artur Juszczy\u0144ski - Szczecin","isPartOf":{"@id":"https:\/\/fotozdroje.szczecin.pl\/blog\/#website"},"breadcrumb":{"@id":"https:\/\/fotozdroje.szczecin.pl\/blog\/tag\/zmiana-stopnia-wojskowego\/#breadcrumb"},"inLanguage":"pl-PL"},{"@type":"BreadcrumbList","@id":"https:\/\/fotozdroje.szczecin.pl\/blog\/tag\/zmiana-stopnia-wojskowego\/#breadcrumb","itemListElement":[{"@type":"ListItem","position":1,"name":"Strona g\u0142\u00f3wna","item":"https:\/\/fotozdroje.szczecin.pl\/blog\/"},{"@type":"ListItem","position":2,"name":"zmiana stopnia wojskowego"}]},{"@type":"WebSite","@id":"https:\/\/fotozdroje.szczecin.pl\/blog\/#website","url":"https:\/\/fotozdroje.szczecin.pl\/blog\/","name":"Fotograf \u015alubny Szczecin Artur Juszczy\u0144ski","description":"Fotograf \u015blubny z rejonu zachodniopomorskiego. Od 10 lat zajmuje si\u0119 fotografi\u0105. Zapraszam!","publisher":{"@id":"https:\/\/fotozdroje.szczecin.pl\/blog\/#\/schema\/person\/c7582c3a0c093f2cf461b0097d013e0e"},"alternateName":"Fotograf na \u015alub Artur Juszczy\u0144ski","potentialAction":[{"@type":"SearchAction","target":{"@type":"EntryPoint","urlTemplate":"https:\/\/fotozdroje.szczecin.pl\/blog\/?s={search_term_string}"},"query-input":{"@type":"PropertyValueSpecification","valueRequired":true,"valueName":"search_term_string"}}],"inLanguage":"pl-PL"},{"@type":["Person","Organization"],"@id":"https:\/\/fotozdroje.szczecin.pl\/blog\/#\/schema\/person\/c7582c3a0c093f2cf461b0097d013e0e","name":"Artur Juszczy\u0144ski","image":{"@type":"ImageObject","inLanguage":"pl-PL","@id":"https:\/\/fotozdroje.szczecin.pl\/blog\/wp-content\/uploads\/2026\/01\/cropped-cropped-Artur-Juszczynski-logo-kopia-przezroczyste-tlo-scaled-1.png","url":"https:\/\/fotozdroje.szczecin.pl\/blog\/wp-content\/uploads\/2026\/01\/cropped-cropped-Artur-Juszczynski-logo-kopia-przezroczyste-tlo-scaled-1.png","contentUrl":"https:\/\/fotozdroje.szczecin.pl\/blog\/wp-content\/uploads\/2026\/01\/cropped-cropped-Artur-Juszczynski-logo-kopia-przezroczyste-tlo-scaled-1.png","width":2505,"height":641,"caption":"Artur Juszczy\u0144ski"},"logo":{"@id":"https:\/\/fotozdroje.szczecin.pl\/blog\/wp-content\/uploads\/2026\/01\/cropped-cropped-Artur-Juszczynski-logo-kopia-przezroczyste-tlo-scaled-1.png"},"description":"Fotograf z zami\u0142owania, ponad 10 lat do\u015bwiadczenia. Zapraszam do kontaktu! +48 791 603 178","sameAs":["http:\/\/www.fotozdroje.szczecin.pl","https:\/\/www.facebook.com\/fotozdroje","www.instagram.com\/artur.juszczynski"]}]}},"_links":{"self":[{"href":"https:\/\/fotozdroje.szczecin.pl\/blog\/wp-json\/wp\/v2\/tags\/17","targetHints":{"allow":["GET"]}}],"collection":[{"href":"https:\/\/fotozdroje.szczecin.pl\/blog\/wp-json\/wp\/v2\/tags"}],"about":[{"href":"https:\/\/fotozdroje.szczecin.pl\/blog\/wp-json\/wp\/v2\/taxonomies\/post_tag"}],"wp:post_type":[{"href":"https:\/\/fotozdroje.szczecin.pl\/blog\/wp-json\/wp\/v2\/posts?tags=17"}],"curies":[{"name":"wp","href":"https:\/\/api.w.org\/{rel}","templated":true}]}}